{"id":8071,"date":"2025-12-02T17:22:53","date_gmt":"2025-12-02T17:22:53","guid":{"rendered":"https:\/\/stage.swiss-fencing.ch\/?p=8071"},"modified":"2026-04-26T13:22:51","modified_gmt":"2026-04-26T13:22:51","slug":"swiss-fencing-summer-camp-2026","status":"publish","type":"post","link":"https:\/\/stage.swiss-fencing.ch\/fr\/swiss-fencing-summer-camp-2026\/","title":{"rendered":"Swiss Fencing Summer Camp 2026"},"content":{"rendered":"[vc_row type=\u00a0\u00bbin_container\u00a0\u00bb full_screen_row_position=\u00a0\u00bbmiddle\u00a0\u00bb column_margin=\u00a0\u00bbdefault\u00a0\u00bb column_direction=\u00a0\u00bbdefault\u00a0\u00bb column_direction_tablet=\u00a0\u00bbdefault\u00a0\u00bb column_direction_phone=\u00a0\u00bbdefault\u00a0\u00bb scene_position=\u00a0\u00bbcenter\u00a0\u00bb text_color=\u00a0\u00bbdark\u00a0\u00bb text_align=\u00a0\u00bbleft\u00a0\u00bb row_border_radius=\u00a0\u00bbnone\u00a0\u00bb row_border_radius_applies=\u00a0\u00bbbg\u00a0\u00bb row_position_desktop=\u00a0\u00bbdefault\u00a0\u00bb row_position_tablet=\u00a0\u00bbinherit\u00a0\u00bb row_position_phone=\u00a0\u00bbinherit\u00a0\u00bb overflow=\u00a0\u00bbvisible\u00a0\u00bb overlay_strength=\u00a0\u00bb0.3&Prime; gradient_direction=\u00a0\u00bbleft_to_right\u00a0\u00bb shape_divider_position=\u00a0\u00bbbottom\u00a0\u00bb bg_image_animation=\u00a0\u00bbnone\u00a0\u00bb][vc_column column_padding=\u00a0\u00bbno-extra-padding\u00a0\u00bb column_padding_tablet=\u00a0\u00bbinherit\u00a0\u00bb column_padding_phone=\u00a0\u00bbinherit\u00a0\u00bb column_padding_position=\u00a0\u00bball\u00a0\u00bb flex_gap_desktop=\u00a0\u00bb10px\u00a0\u00bb column_element_direction_desktop=\u00a0\u00bbdefault\u00a0\u00bb column_element_spacing=\u00a0\u00bbdefault\u00a0\u00bb desktop_text_alignment=\u00a0\u00bbdefault\u00a0\u00bb tablet_text_alignment=\u00a0\u00bbdefault\u00a0\u00bb phone_text_alignment=\u00a0\u00bbdefault\u00a0\u00bb background_color_opacity=\u00a0\u00bb1&Prime; background_hover_color_opacity=\u00a0\u00bb1&Prime; column_backdrop_filter=\u00a0\u00bbnone\u00a0\u00bb column_shadow=\u00a0\u00bbnone\u00a0\u00bb column_border_radius=\u00a0\u00bbnone\u00a0\u00bb column_link_target=\u00a0\u00bb_self\u00a0\u00bb column_position=\u00a0\u00bbdefault\u00a0\u00bb gradient_direction=\u00a0\u00bbleft_to_right\u00a0\u00bb overlay_strength=\u00a0\u00bb0.3&Prime; width=\u00a0\u00bb1\/1&Prime; tablet_width_inherit=\u00a0\u00bbdefault\u00a0\u00bb animation_type=\u00a0\u00bbdefault\u00a0\u00bb bg_image_animation=\u00a0\u00bbnone\u00a0\u00bb border_type=\u00a0\u00bbsimple\u00a0\u00bb column_border_width=\u00a0\u00bbnone\u00a0\u00bb column_border_style=\u00a0\u00bbsolid\u00a0\u00bb][vc_column_text css=\u00a0\u00bb\u00a0\u00bb text_direction=\u00a0\u00bbdefault\u00a0\u00bb]Le Swiss Fencing Summer Camp aura lieu en \u00e9t\u00e9 2026. Ce camp d\u2019entra\u00eenement sert \u00e0 la pr\u00e9paration cibl\u00e9e de la saison 2026\/27 et s\u2019adresse \u00e0 tous les athl\u00e8tes du cadre national de Swiss Fencing. La participation est facultative. Sur demande, les athl\u00e8tes \u00e9trangers qui ont d\u00e9j\u00e0 particip\u00e9 \u00e0 des Coupes d\u2019Europe U17 ou des Coupes du monde U20 peuvent \u00e9galement y participer.<\/p>\n<p>Le camp propose une semaine d\u2019entra\u00eenement intensive sous la supervision de professionnels, ax\u00e9e sur la technique, la tactique et la condition physique. Outre le d\u00e9veloppement individuel des performances, l\u2019\u00e9change au sein de la communaut\u00e9 suisse d\u2019escrime occupe \u00e9galement une place centrale.<\/p>\n<p><span data-ccp-props=\"{&quot;201341983&quot;:0,&quot;335559739&quot;:0,&quot;335559740&quot;:240}\"><strong>Lieu et p\u00e9riode :<\/strong><br \/>\nLe camp d\u2019entra\u00eenement se d\u00e9roulera du 27 juillet au 1 ao\u00fbt 2026 au Centro Sportivo Tenero (CST).\u00a0<\/span><\/p>\n<p><span data-ccp-props=\"{&quot;201341983&quot;:0,&quot;335559739&quot;:0,&quot;335559740&quot;:240}\"><strong>Co\u00fbts et inscription :<\/strong><br \/>\n<\/span>Les frais de participation s\u2019\u00e9l\u00e8vent \u00e0 CHF 590.\u2013 par athl\u00e8te.<\/p>\n<p><span data-ccp-props=\"{&quot;201341983&quot;:0,&quot;335551550&quot;:6,&quot;335551620&quot;:6,&quot;335559739&quot;:0,&quot;335559740&quot;:240}\"><strong>Attribution des places :<\/strong><br \/>\n<\/span>Un total de 30 places est disponible. L\u2019attribution se fera selon les crit\u00e8res suivants :<\/p>\n<ul>\n<li>Les escrimeurs et escrimeuses titulaires d\u2019une carte nationale de talent<\/li>\n<li>Les escrimeurs et escrimeuses titulaires d\u2019une carte r\u00e9gionale de talent<\/li>\n<li>Les places restantes sont attribu\u00e9es sous forme de wild cards.<\/li>\n<\/ul>\n<p><strong>La date limite d\u2019inscription est fix\u00e9e au 31 mai 2026.<\/strong><\/p>\n<p><em>Les athl\u00e8tes s\u00e9lectionn\u00e9s seront inform\u00e9s en juin. <\/em>Le programme ainsi que la liste des affaires \u00e0 emporter seront ensuite envoy\u00e9s.[\/vc_column_text][nectar_btn size=\u00a0\u00bbjumbo\u00a0\u00bb open_new_tab=\u00a0\u00bbtrue\u00a0\u00bb button_style=\u00a0\u00bbregular\u00a0\u00bb button_color_2=\u00a0\u00bbAccent-Color\u00a0\u00bb icon_family=\u00a0\u00bbnone\u00a0\u00bb text=\u00a0\u00bbPr\u00e9inscription\u00a0\u00bb url=\u00a0\u00bbhttps:\/\/forms.cloud.microsoft\/e\/BiK2xH8z5R\u00a0\u00bb][\/vc_column][\/vc_row]\n","protected":false},"excerpt":{"rendered":"<p>[vc_row type=\u00a0\u00bbin_container\u00a0\u00bb full_screen_row_position=\u00a0\u00bbmiddle\u00a0\u00bb column_margin=\u00a0\u00bbdefault\u00a0\u00bb column_direction=\u00a0\u00bbdefault\u00a0\u00bb column_direction_tablet=\u00a0\u00bbdefault\u00a0\u00bb column_direction_phone=\u00a0\u00bbdefault\u00a0\u00bb scene_position=\u00a0\u00bbcenter\u00a0\u00bb text_color=\u00a0\u00bbdark\u00a0\u00bb text_align=\u00a0\u00bbleft\u00a0\u00bb row_border_radius=\u00a0\u00bbnone\u00a0\u00bb row_border_radius_applies=\u00a0\u00bbbg\u00a0\u00bb row_position_desktop=\u00a0\u00bbdefault\u00a0\u00bb row_position_tablet=\u00a0\u00bbinherit\u00a0\u00bb row_position_phone=\u00a0\u00bbinherit\u00a0\u00bb overflow=\u00a0\u00bbvisible\u00a0\u00bb overlay_strength=\u00a0\u00bb0.3&Prime; gradient_direction=\u00a0\u00bbleft_to_right\u00a0\u00bb shape_divider_position=\u00a0\u00bbbottom\u00a0\u00bb bg_image_animation=\u00a0\u00bbnone\u00a0\u00bb][vc_column column_padding=\u00a0\u00bbno-extra-padding\u00a0\u00bb column_padding_tablet=\u00a0\u00bbinherit\u00a0\u00bb column_padding_phone=\u00a0\u00bbinherit\u00a0\u00bb column_padding_position=\u00a0\u00bball\u00a0\u00bb flex_gap_desktop=\u00a0\u00bb10px\u00a0\u00bb column_element_direction_desktop=\u00a0\u00bbdefault\u00a0\u00bb column_element_spacing=\u00a0\u00bbdefault\u00a0\u00bb desktop_text_alignment=\u00a0\u00bbdefault\u00a0\u00bb tablet_text_alignment=\u00a0\u00bbdefault\u00a0\u00bb phone_text_alignment=\u00a0\u00bbdefault\u00a0\u00bb&#8230;<\/p>\n","protected":false},"author":1,"featured_media":0,"comment_status":"closed","ping_status":"closed","sticky":false,"template":"","format":"standard","meta":{"inline_featured_image":false,"footnotes":""},"categories":[222,229],"tags":[],"class_list":{"0":"post-8071","1":"post","2":"type-post","3":"status-publish","4":"format-standard","6":"category-stage-releve","7":"category-z-short"},"_links":{"self":[{"href":"https:\/\/stage.swiss-fencing.ch\/fr\/wp-json\/wp\/v2\/posts\/8071","targetHints":{"allow":["GET"]}}],"collection":[{"href":"https:\/\/stage.swiss-fencing.ch\/fr\/wp-json\/wp\/v2\/posts"}],"about":[{"href":"https:\/\/stage.swiss-fencing.ch\/fr\/wp-json\/wp\/v2\/types\/post"}],"author":[{"embeddable":true,"href":"https:\/\/stage.swiss-fencing.ch\/fr\/wp-json\/wp\/v2\/users\/1"}],"replies":[{"embeddable":true,"href":"https:\/\/stage.swiss-fencing.ch\/fr\/wp-json\/wp\/v2\/comments?post=8071"}],"version-history":[{"count":2,"href":"https:\/\/stage.swiss-fencing.ch\/fr\/wp-json\/wp\/v2\/posts\/8071\/revisions"}],"predecessor-version":[{"id":8073,"href":"https:\/\/stage.swiss-fencing.ch\/fr\/wp-json\/wp\/v2\/posts\/8071\/revisions\/8073"}],"wp:attachment":[{"href":"https:\/\/stage.swiss-fencing.ch\/fr\/wp-json\/wp\/v2\/media?parent=8071"}],"wp:term":[{"taxonomy":"category","embeddable":true,"href":"https:\/\/stage.swiss-fencing.ch\/fr\/wp-json\/wp\/v2\/categories?post=8071"},{"taxonomy":"post_tag","embeddable":true,"href":"https:\/\/stage.swiss-fencing.ch\/fr\/wp-json\/wp\/v2\/tags?post=8071"}],"curies":[{"name":"wp","href":"https:\/\/api.w.org\/{rel}","templated":true}]}}