{"id":8464,"date":"2026-04-28T17:30:00","date_gmt":"2026-04-28T17:30:00","guid":{"rendered":"https:\/\/stage.swiss-fencing.ch\/?p=8464"},"modified":"2026-04-29T20:25:42","modified_gmt":"2026-04-29T20:25:42","slug":"ce-u23-cagliari-ita-25-28-04-26-resultats","status":"publish","type":"post","link":"https:\/\/stage.swiss-fencing.ch\/fr\/ce-u23-cagliari-ita-25-28-04-26-resultats\/","title":{"rendered":"CE U23 Cagliari (ITA) | 25. &#8211; 28.04.26 | R\u00e9sultats"},"content":{"rendered":"\n<h2 class=\"wp-block-heading\">ED | CE U23 Cagliari (ITA) | 25.04.26 | Au d\u00e9part 77 dames y compris 4 de la Suisse<\/h2>\n\n\n\n<p>1. &nbsp;CAFORIO&nbsp;Gaia, ITA<br>2. FRANCILLONNE&nbsp;Oceane, FRA<br>3. CONRAD Emily, UKR<br>3. SONT Emma, ROU<\/p>\n\n\n\n<p>23. LUSTI Andrina, SUI<br>32. MAIGA Magda Louna, SUI<\/p>\n\n\n\n<p>39. HEUBI Pauline, SUI<br>44. GOGNAT Vanie, SUI<\/p>\n\n\n\n<h2 class=\"wp-block-heading\">EH | CE U23 Cagliari (ITA) | 25.04.26 | Au d\u00e9part 98 hommes y compris 4 de la Suisse | Sven Vineis dans les 8 !<\/h2>\n\n\n\n<p>1. VILENSKY&nbsp;Dov Ber, ISR<br>2. &nbsp;KOVACS&nbsp;Gergely, HUN<br>3.&nbsp; &nbsp;LAMBREY MESSIKA&nbsp;Yehonathan, ISR<br>3. &nbsp; SOMODY&nbsp;Soma, HUN<\/p>\n\n\n\n<p>5. VINEIS Sven, SUI<\/p>\n\n\n\n<p>18. BROCHARD Theo, SUI<\/p>\n\n\n\n<p>60. MUMENTHALER Colin, SUI<br>61. SQUIERI Juliano Nicola, SUI<\/p>\n\n\n\n<h2 class=\"wp-block-heading\">ED par \u00e9quipes | CE U23 Cagliari (ITA) | 27.04.26 | Au d\u00e9part 16 \u00e9quipes y compris 1 de la Suisse | Place 9 pour les Suissesses<\/h2>\n\n\n\n<p>1. ITALY<br>2. FRANCE<br>3. POLAND<\/p>\n\n\n\n<p>9. SWITZERLAND<\/p>\n\n\n\n<h2 class=\"wp-block-heading\">EH par \u00e9quipes | CE U23 Cagliari (ITA) | 28.04.26 | Au d\u00e9part 18 \u00e9quipes y compris 1 de la Suisse | Place 6 pour l&rsquo;\u00e9quipe hommes<\/h2>\n\n\n\n<p>1. ITALY<br>2. ISRAEL<br>3. ESTONIA<\/p>\n\n\n\n<p>6. SWITZERLAND<\/p>\n","protected":false},"excerpt":{"rendered":"<p>ED | CE U23 Cagliari (ITA) | 25.04.26 | Au d\u00e9part 77 dames y compris 4 de la Suisse 1. &nbsp;CAFORIO&nbsp;Gaia, ITA2. FRANCILLONNE&nbsp;Oceane, FRA3. CONRAD Emily, UKR3. SONT Emma, ROU&#8230;<\/p>\n","protected":false},"author":6,"featured_media":0,"comment_status":"closed","ping_status":"closed","sticky":false,"template":"","format":"standard","meta":{"inline_featured_image":false,"footnotes":""},"categories":[239,89],"tags":[],"class_list":{"0":"post-8464","1":"post","2":"type-post","3":"status-publish","4":"format-standard","6":"category-m23","7":"category-non-categorise"},"_links":{"self":[{"href":"https:\/\/stage.swiss-fencing.ch\/fr\/wp-json\/wp\/v2\/posts\/8464","targetHints":{"allow":["GET"]}}],"collection":[{"href":"https:\/\/stage.swiss-fencing.ch\/fr\/wp-json\/wp\/v2\/posts"}],"about":[{"href":"https:\/\/stage.swiss-fencing.ch\/fr\/wp-json\/wp\/v2\/types\/post"}],"author":[{"embeddable":true,"href":"https:\/\/stage.swiss-fencing.ch\/fr\/wp-json\/wp\/v2\/users\/6"}],"replies":[{"embeddable":true,"href":"https:\/\/stage.swiss-fencing.ch\/fr\/wp-json\/wp\/v2\/comments?post=8464"}],"version-history":[{"count":1,"href":"https:\/\/stage.swiss-fencing.ch\/fr\/wp-json\/wp\/v2\/posts\/8464\/revisions"}],"predecessor-version":[{"id":8465,"href":"https:\/\/stage.swiss-fencing.ch\/fr\/wp-json\/wp\/v2\/posts\/8464\/revisions\/8465"}],"wp:attachment":[{"href":"https:\/\/stage.swiss-fencing.ch\/fr\/wp-json\/wp\/v2\/media?parent=8464"}],"wp:term":[{"taxonomy":"category","embeddable":true,"href":"https:\/\/stage.swiss-fencing.ch\/fr\/wp-json\/wp\/v2\/categories?post=8464"},{"taxonomy":"post_tag","embeddable":true,"href":"https:\/\/stage.swiss-fencing.ch\/fr\/wp-json\/wp\/v2\/tags?post=8464"}],"curies":[{"name":"wp","href":"https:\/\/api.w.org\/{rel}","templated":true}]}}